{"id":81,"date":"2021-06-21T14:49:37","date_gmt":"2021-06-21T12:49:37","guid":{"rendered":"https:\/\/www.millinet.be\/blog\/?p=81"},"modified":"2021-06-21T14:49:37","modified_gmt":"2021-06-21T12:49:37","slug":"lisolation-dune-veranda-ce-quil-faut-savoir","status":"publish","type":"post","link":"https:\/\/www.millinet.be\/blog\/lisolation-dune-veranda-ce-quil-faut-savoir\/","title":{"rendered":"L\u2019isolation d\u2019une v\u00e9randa : ce qu\u2019il faut savoir"},"content":{"rendered":"<div id=\"toc_container\" class=\"no_bullets\"><p class=\"toc_title\">Sommaire<\/p><ul class=\"toc_list\"><li><a href=\"#Un_double_vitrage_adapte_pour_une_veranda_bien_isolee\"><span class=\"toc_number toc_depth_1\">1<\/span> Un double vitrage adapt\u00e9 pour une v\u00e9randa bien isol\u00e9e<\/a><\/li><li><a href=\"#Des_bases_solides_pour_une_isolation_rapide\"><span class=\"toc_number toc_depth_1\">2<\/span> Des bases solides pour une isolation rapide<\/a><\/li><li><a href=\"#Une_toiture_bien_choisie_une_isolation_garantie\"><span class=\"toc_number toc_depth_1\">3<\/span> Une toiture bien choisie, une isolation garantie<\/a><\/li><li><a href=\"#Des_materiaux_bien_penses_pour_une_isolation_inegalee\"><span class=\"toc_number toc_depth_1\">4<\/span> Des mat\u00e9riaux bien pens\u00e9s pour une isolation in\u00e9gal\u00e9e<\/a><\/li><\/ul><\/div>\n\n<p>Pour la convivialit\u00e9 que promet cette pi\u00e8ce \u00e0 vivre, on ne peut n\u00e9gliger ni l\u2019am\u00e9nagement ni l\u2019isolation de la v\u00e9randa. Outre la d\u00e9coration qui est un \u00e9l\u00e9ment d\u00e9terminant refl\u00e9tant la personnalit\u00e9 des propri\u00e9taires, l\u2019isolation de la v\u00e9randa rev\u00eat \u00e9galement une importance particuli\u00e8re pour les occupants. Pour cela, plusieurs \u00e9l\u00e9ments doivent \u00eatre pris en compte comme le vitrage, l\u2019exposition, la structure ou encore la toiture. Comment avoir une isolation parfaite de cette pi\u00e8ce d\u2019agr\u00e9ment ?<\/p>\n\n\n\n<h2><span id=\"Un_double_vitrage_adapte_pour_une_veranda_bien_isolee\">Un double vitrage adapt\u00e9 pour une v\u00e9randa bien isol\u00e9e<\/span><\/h2>\n\n\n\n<p>En sachant que si votre v\u00e9randa est expos\u00e9e plein soleil, une isolation thermique est n\u00e9cessaire. Les professionnels privil\u00e9gient un double vitrage \u00e0 contr\u00f4le solaire qui renvoie une partie des rayons, mais limite la chaleur dans votre v\u00e9randa. Pour contrer le vent, les experts optent pour une isolation renforc\u00e9e du double vitrage permettant de bloquer l\u2019air par du gaz argon ultra isolant. Pour ce qui est de l\u2019isolation acoustique au cas o\u00f9 vous r\u00e9sidez aux environs de la ville et \u00e0 proximit\u00e9 des bruits ext\u00e9rieurs, il existe un autre type de vitrage sp\u00e9cial. Les experts vous donneront le conseil ad\u00e9quat de ce type de vitrage selon l\u2019environnement dans lequel vous habitez afin de garantir <a href=\"https:\/\/www.prixveranda.pro\/isolation\/\">l\u2019isolation de la v\u00e9randa<\/a>.<\/p>\n\n\n\n<h2><span id=\"Des_bases_solides_pour_une_isolation_rapide\">Des bases solides pour une isolation rapide<\/span><\/h2>\n\n\n\n<p>Afin d\u2019\u00e9viter la remont\u00e9e d\u2019humidit\u00e9, il faut absolument construire une fondation durable et solide. Pour ce faire, les entrepreneurs du b\u00e2timent pr\u00e9conisent la construction sur une dalle \u00e9quip\u00e9e d\u2019une membrane \u00e9tanche pouvant \u00eatre notamment une plaque de mousse isolante.<\/p>\n\n\n\n<p>Pour contrer le froid en hiver, il serait mieux d\u2019adosser votre v\u00e9randa \u00e0 un mur compl\u00e8tement \u00e9tanche. Ainsi vous n\u2019aurez pas besoin de chauffer la pi\u00e8ce qui assure la liaison entre votre v\u00e9randa et la maison.<\/p>\n\n\n\n<h2><span id=\"Une_toiture_bien_choisie_une_isolation_garantie\">Une toiture bien choisie, une isolation garantie<\/span><\/h2>\n\n\n\n<p>Une fois les vitrages et la structure au sol v\u00e9rifi\u00e9s, il faut s\u2019atteler \u00e0 l\u2019isolation de la partie haute de votre v\u00e9randa. Le toit de celle-ci peut \u00eatre en verre, en bois, en aluminium ou en plaques opaques, qu\u2019importe ce que vous choisirez, votre professionnel saura vous guider pour faire le bon choix. Si vous souhaitez opter pour un mat\u00e9riau naturel, la tuile repr\u00e9sente une bonne alternative, car c\u2019est un mat\u00e9riau bien isolant. En effet, chaque mat\u00e9riau poss\u00e8de ses plus et ses moins, l\u2019important est d\u2019avoir un toit qui correspond \u00e0 vos attentes. Il faut garder \u00e0 l\u2019esprit que la premi\u00e8re surface du toit doit g\u00e9rer le bruit et l\u2019humidit\u00e9 lors des intemp\u00e9ries alors que la deuxi\u00e8me surface limite la d\u00e9perdition thermique et camoufle le bruit.<\/p>\n\n\n\n<h2><span id=\"Des_materiaux_bien_penses_pour_une_isolation_inegalee\">Des mat\u00e9riaux bien pens\u00e9s pour une isolation in\u00e9gal\u00e9e<\/span><\/h2>\n\n\n\n<p>La structure de la v\u00e9randa doit inclure une r\u00e9flexion sur l\u2019isolation de celle-ci. Ainsi, que ce soit en acier, en bois, en PVC ou en aluminium, les capacit\u00e9s isolantes diff\u00e8rent les uns des autres. Pour l\u2019aluminium notamment, qui est plus esth\u00e9tique, mais moins isolant que l\u2019acier alors que ce dernier est 350 fois moins isolant que le bois. Pour des raisons \u00e9conomiques, le PVC est une bonne alternative, mais beaucoup moins isolante que tout le reste. Il faut donc voir avec les professionnels qui vous orienteront vers ce qui est mieux selon l\u2019emplacement de votre v\u00e9randa.<\/p>\n","protected":false},"excerpt":{"rendered":"<div class=\"mh-excerpt\"><p>Sommaire1 Un double vitrage adapt\u00e9 pour une v\u00e9randa bien isol\u00e9e2 Des bases solides pour une isolation rapide3 Une toiture bien choisie, une isolation garantie4 Des <a class=\"mh-excerpt-more\" href=\"https:\/\/www.millinet.be\/blog\/lisolation-dune-veranda-ce-quil-faut-savoir\/\" title=\"L\u2019isolation d\u2019une v\u00e9randa : ce qu\u2019il faut savoir\">[&#8230;]<\/a><\/p>\n<\/div>","protected":false},"author":1,"featured_media":82,"comment_status":"open","ping_status":"open","sticky":false,"template":"","format":"standard","meta":[],"categories":[6],"tags":[],"yoast_head":"<!-- This site is optimized with the Yoast SEO plugin v16.1.1 - https:\/\/yoast.com\/wordpress\/plugins\/seo\/ -->\n<title>L\u2019isolation d\u2019une v\u00e9randa : ce qu\u2019il faut savoir<\/title>\n<meta name=\"description\" content=\"Informations et conseils pour tout savoir pour bien isoler une v\u00e9randa : les vitrages, la toiture, les diff\u00e9rents types de mat\u00e9riaux disponibles...\" \/>\n<link rel=\"canonical\" href=\"https:\/\/www.millinet.be\/blog\/lisolation-dune-veranda-ce-quil-faut-savoir\/\" \/>\n<meta property=\"og:locale\" content=\"fr_FR\" \/>\n<meta property=\"og:type\" content=\"article\" \/>\n<meta property=\"og:title\" content=\"L\u2019isolation d\u2019une v\u00e9randa : ce qu\u2019il faut savoir\" \/>\n<meta property=\"og:description\" content=\"Informations et conseils pour tout savoir pour bien isoler une v\u00e9randa : les vitrages, la toiture, les diff\u00e9rents types de mat\u00e9riaux disponibles...\" \/>\n<meta property=\"og:url\" content=\"https:\/\/www.millinet.be\/blog\/lisolation-dune-veranda-ce-quil-faut-savoir\/\" \/>\n<meta property=\"article:published_time\" content=\"2021-06-21T12:49:37+00:00\" \/>\n<meta property=\"og:image\" content=\"https:\/\/www.millinet.be\/blog\/wp-content\/uploads\/2021\/06\/veranda-millinet1.jpg\" \/>\n\t<meta property=\"og:image:width\" content=\"640\" \/>\n\t<meta property=\"og:image:height\" content=\"426\" \/>\n<meta name=\"twitter:card\" content=\"summary_large_image\" \/>\n<meta name=\"twitter:label1\" content=\"Dur\u00e9e de lecture est.\">\n\t<meta name=\"twitter:data1\" content=\"3 minutes\">\n<script type=\"application\/ld+json\" class=\"yoast-schema-graph\">{\"@context\":\"https:\/\/schema.org\",\"@graph\":[{\"@type\":\"WebSite\",\"@id\":\"https:\/\/www.millinet.be\/blog\/#website\",\"url\":\"https:\/\/www.millinet.be\/blog\/\",\"name\":\"\",\"description\":\"\",\"potentialAction\":[{\"@type\":\"SearchAction\",\"target\":\"https:\/\/www.millinet.be\/blog\/?s={search_term_string}\",\"query-input\":\"required name=search_term_string\"}],\"inLanguage\":\"fr-FR\"},{\"@type\":\"ImageObject\",\"@id\":\"https:\/\/www.millinet.be\/blog\/lisolation-dune-veranda-ce-quil-faut-savoir\/#primaryimage\",\"inLanguage\":\"fr-FR\",\"url\":\"https:\/\/www.millinet.be\/blog\/wp-content\/uploads\/2021\/06\/veranda-millinet1.jpg\",\"contentUrl\":\"https:\/\/www.millinet.be\/blog\/wp-content\/uploads\/2021\/06\/veranda-millinet1.jpg\",\"width\":640,\"height\":426,\"caption\":\"V\\u00e9randa\"},{\"@type\":\"WebPage\",\"@id\":\"https:\/\/www.millinet.be\/blog\/lisolation-dune-veranda-ce-quil-faut-savoir\/#webpage\",\"url\":\"https:\/\/www.millinet.be\/blog\/lisolation-dune-veranda-ce-quil-faut-savoir\/\",\"name\":\"L\\u2019isolation d\\u2019une v\\u00e9randa : ce qu\\u2019il faut savoir\",\"isPartOf\":{\"@id\":\"https:\/\/www.millinet.be\/blog\/#website\"},\"primaryImageOfPage\":{\"@id\":\"https:\/\/www.millinet.be\/blog\/lisolation-dune-veranda-ce-quil-faut-savoir\/#primaryimage\"},\"datePublished\":\"2021-06-21T12:49:37+00:00\",\"dateModified\":\"2021-06-21T12:49:37+00:00\",\"author\":{\"@id\":\"https:\/\/www.millinet.be\/blog\/#\/schema\/person\/34a67d3bb36c2b88019ee5080b08eb38\"},\"description\":\"Informations et conseils pour tout savoir pour bien isoler une v\\u00e9randa : les vitrages, la toiture, les diff\\u00e9rents types de mat\\u00e9riaux disponibles...\",\"breadcrumb\":{\"@id\":\"https:\/\/www.millinet.be\/blog\/lisolation-dune-veranda-ce-quil-faut-savoir\/#breadcrumb\"},\"inLanguage\":\"fr-FR\",\"potentialAction\":[{\"@type\":\"ReadAction\",\"target\":[\"https:\/\/www.millinet.be\/blog\/lisolation-dune-veranda-ce-quil-faut-savoir\/\"]}]},{\"@type\":\"BreadcrumbList\",\"@id\":\"https:\/\/www.millinet.be\/blog\/lisolation-dune-veranda-ce-quil-faut-savoir\/#breadcrumb\",\"itemListElement\":[{\"@type\":\"ListItem\",\"position\":1,\"item\":{\"@type\":\"WebPage\",\"@id\":\"https:\/\/www.millinet.be\/blog\/\",\"url\":\"https:\/\/www.millinet.be\/blog\/\",\"name\":\"Accueil\"}},{\"@type\":\"ListItem\",\"position\":2,\"item\":{\"@type\":\"WebPage\",\"@id\":\"https:\/\/www.millinet.be\/blog\/lisolation-dune-veranda-ce-quil-faut-savoir\/\",\"url\":\"https:\/\/www.millinet.be\/blog\/lisolation-dune-veranda-ce-quil-faut-savoir\/\",\"name\":\"L\\u2019isolation d\\u2019une v\\u00e9randa : ce qu\\u2019il faut savoir\"}}]},{\"@type\":\"Person\",\"@id\":\"https:\/\/www.millinet.be\/blog\/#\/schema\/person\/34a67d3bb36c2b88019ee5080b08eb38\",\"name\":\"admin\",\"image\":{\"@type\":\"ImageObject\",\"@id\":\"https:\/\/www.millinet.be\/blog\/#personlogo\",\"inLanguage\":\"fr-FR\",\"url\":\"https:\/\/secure.gravatar.com\/avatar\/d60ec53bcd731804df4a86259df6c30d?s=96&d=mm&r=g\",\"contentUrl\":\"https:\/\/secure.gravatar.com\/avatar\/d60ec53bcd731804df4a86259df6c30d?s=96&d=mm&r=g\",\"caption\":\"admin\"},\"sameAs\":[\"http:\/\/www.millinet.be\/blog\"]}]}<\/script>\n<!-- \/ Yoast SEO plugin. -->","_links":{"self":[{"href":"https:\/\/www.millinet.be\/blog\/wp-json\/wp\/v2\/posts\/81"}],"collection":[{"href":"https:\/\/www.millinet.be\/blog\/wp-json\/wp\/v2\/posts"}],"about":[{"href":"https:\/\/www.millinet.be\/blog\/wp-json\/wp\/v2\/types\/post"}],"author":[{"embeddable":true,"href":"https:\/\/www.millinet.be\/blog\/wp-json\/wp\/v2\/users\/1"}],"replies":[{"embeddable":true,"href":"https:\/\/www.millinet.be\/blog\/wp-json\/wp\/v2\/comments?post=81"}],"version-history":[{"count":1,"href":"https:\/\/www.millinet.be\/blog\/wp-json\/wp\/v2\/posts\/81\/revisions"}],"predecessor-version":[{"id":83,"href":"https:\/\/www.millinet.be\/blog\/wp-json\/wp\/v2\/posts\/81\/revisions\/83"}],"wp:featuredmedia":[{"embeddable":true,"href":"https:\/\/www.millinet.be\/blog\/wp-json\/wp\/v2\/media\/82"}],"wp:attachment":[{"href":"https:\/\/www.millinet.be\/blog\/wp-json\/wp\/v2\/media?parent=81"}],"wp:term":[{"taxonomy":"category","embeddable":true,"href":"https:\/\/www.millinet.be\/blog\/wp-json\/wp\/v2\/categories?post=81"},{"taxonomy":"post_tag","embeddable":true,"href":"https:\/\/www.millinet.be\/blog\/wp-json\/wp\/v2\/tags?post=81"}],"curies":[{"name":"wp","href":"https:\/\/api.w.org\/{rel}","templated":true}]}}